{"id":172,"date":"2016-08-07T19:44:52","date_gmt":"2016-08-07T17:44:52","guid":{"rendered":"https:\/\/reisen.kriewel.de\/schweden2016\/?p=172"},"modified":"2016-08-08T21:27:07","modified_gmt":"2016-08-08T19:27:07","slug":"ein-tag-auf-oeland","status":"publish","type":"post","link":"https:\/\/reisen.kriewel.de\/schweden2016\/2016\/08\/07\/ein-tag-auf-oeland\/","title":{"rendered":"Ein Tag auf \u00d6land&#8230;"},"content":{"rendered":"<p>Bei strahlendem Sonnenschein \u00fcberquerten wir heute die Br\u00fccke zwischen Kalmar und \u00d6land, um den Tag auf der Insel zu verbringen. Als erstes f\u00fchrte unser Weg in das kleine St\u00e4dtchen Borgholm mit seinem sch\u00f6nen Ortskern.<br \/>\n<!--more--> Anschlie\u00dfend fuhren wir zu dem in der N\u00e4he liegendem Schloss Solliden, die Sommerresidenz des schwedischen K\u00f6nigshauses. Hier ist der Schlosspark f\u00fcr die \u00d6ffentlichkeit zug\u00e4nglich. Auch wenn am diesem sonnigen Sonntag jede Menge Besucher da waren, fiel dies in dem gro\u00dfen Park kaum auf. Schnell verlief sich der Besucherstrom in die verschiedenen Gartenanlagen wie Rosengarten, Staudengarten, Steingarten oder der englischen Parkanlagen. Immer wieder gab es ruhige Ecken zum Sitzen und genie\u00dfen. &nbsp;Zus\u00e4tzlich zu den wundersch\u00f6nen G\u00e4rten konnten heute auch noch verschiedene Oldtimer bewundert werden, die im Rahmen eines Wettbewerbs von ihren Besitzern dort ausgestellt wurden. Kaum das wir uns versahen waren zweieinhalb Stunden rum. Zeit weiter zu fahren. Das n\u00e4chste Ziel war &#8222;Himmelsberga&#8220; &nbsp;ein kleines Freilichtmuseum in dem das Leben der Bauern auf \u00d6land fr\u00fcher gezeigt wurde. Eine liebevoll gestaltete und idyllische &nbsp;Anlage. \u00d6land ist besonders auch f\u00fcr seine alten Windm\u00fchlen bekannt, von denen es bei Lerkaka eine ganze Kette gibt. Auch hier legten wir noch einen Stopp ein. Um etwas f\u00fcrs &nbsp;Abendessen zu finden fuhren wir zum Hafen von F\u00e4rjestaden. Der &#8222;Hamngrill&#8220; entt\u00e4uschte nicht. Mit Blick auf die Br\u00fccke nach Kalmar lie\u00dfen wie uns einen typisch schwedischen Imbiss mit W\u00fcrstchen, Kartoffelp\u00fcree, Krabbensalat und Gurkenmayonaise schmecken. H\u00f6rt sich vielleicht ungew\u00f6hnlich an, ist aber lecker. Morgen geht es dann wieder zur\u00fcck in den S\u00fcden in ein neues Hotel.<\/p>\n<div id='gallery-1' class='gallery galleryid-172 gallery-columns-3 gallery-size-thumbnail'><figure class='gallery-item'>\n\t\t\t<div class='gallery-icon landscape'>\n\t\t\t\t<a href='https:\/\/reisen.kriewel.de\/schweden2016\/files\/2016\/08\/IMG_1256.jpg' title=\"\" data-rl_title=\"\" class=\"rl-gallery-link\" data-rl_caption=\"\" data-rel=\"lightbox-gallery-1\"><img loading=\"lazy\" decoding=\"async\" width=\"150\" height=\"150\" src=\"https:\/\/reisen.kriewel.de\/schweden2016\/files\/2016\/08\/IMG_1256-150x150.jpg\" class=\"attachment-thumbnail size-thumbnail\" alt=\"\" \/><\/a>\n\t\t\t<\/div><\/figure><figure class='gallery-item'>\n\t\t\t<div class='gallery-icon landscape'>\n\t\t\t\t<a href='https:\/\/reisen.kriewel.de\/schweden2016\/files\/2016\/08\/IMG_1260.jpg' title=\"\" data-rl_title=\"\" class=\"rl-gallery-link\" data-rl_caption=\"\" data-rel=\"lightbox-gallery-1\"><img loading=\"lazy\" decoding=\"async\" width=\"150\" height=\"150\" src=\"https:\/\/reisen.kriewel.de\/schweden2016\/files\/2016\/08\/IMG_1260-150x150.jpg\" class=\"attachment-thumbnail size-thumbnail\" alt=\"\" \/><\/a>\n\t\t\t<\/div><\/figure><figure class='gallery-item'>\n\t\t\t<div class='gallery-icon landscape'>\n\t\t\t\t<a href='https:\/\/reisen.kriewel.de\/schweden2016\/files\/2016\/08\/IMG_1264.jpg' title=\"\" data-rl_title=\"\" class=\"rl-gallery-link\" data-rl_caption=\"\" data-rel=\"lightbox-gallery-1\"><img loading=\"lazy\" decoding=\"async\" width=\"150\" height=\"150\" src=\"https:\/\/reisen.kriewel.de\/schweden2016\/files\/2016\/08\/IMG_1264-150x150.jpg\" class=\"attachment-thumbnail size-thumbnail\" alt=\"\" \/><\/a>\n\t\t\t<\/div><\/figure><figure class='gallery-item'>\n\t\t\t<div class='gallery-icon landscape'>\n\t\t\t\t<a href='https:\/\/reisen.kriewel.de\/schweden2016\/files\/2016\/08\/IMG_1270.jpg' title=\"\" data-rl_title=\"\" class=\"rl-gallery-link\" data-rl_caption=\"\" data-rel=\"lightbox-gallery-1\"><img loading=\"lazy\" decoding=\"async\" width=\"150\" height=\"150\" src=\"https:\/\/reisen.kriewel.de\/schweden2016\/files\/2016\/08\/IMG_1270-150x150.jpg\" class=\"attachment-thumbnail size-thumbnail\" alt=\"\" \/><\/a>\n\t\t\t<\/div><\/figure><figure class='gallery-item'>\n\t\t\t<div class='gallery-icon landscape'>\n\t\t\t\t<a href='https:\/\/reisen.kriewel.de\/schweden2016\/files\/2016\/08\/IMG_1267.jpg' title=\"\" data-rl_title=\"\" class=\"rl-gallery-link\" data-rl_caption=\"\" data-rel=\"lightbox-gallery-1\"><img loading=\"lazy\" decoding=\"async\" width=\"150\" height=\"150\" src=\"https:\/\/reisen.kriewel.de\/schweden2016\/files\/2016\/08\/IMG_1267-150x150.jpg\" class=\"attachment-thumbnail size-thumbnail\" alt=\"\" \/><\/a>\n\t\t\t<\/div><\/figure><figure class='gallery-item'>\n\t\t\t<div class='gallery-icon landscape'>\n\t\t\t\t<a href='https:\/\/reisen.kriewel.de\/schweden2016\/files\/2016\/08\/IMG_1275.jpg' title=\"\" data-rl_title=\"\" class=\"rl-gallery-link\" data-rl_caption=\"\" data-rel=\"lightbox-gallery-1\"><img loading=\"lazy\" decoding=\"async\" width=\"150\" height=\"150\" src=\"https:\/\/reisen.kriewel.de\/schweden2016\/files\/2016\/08\/IMG_1275-150x150.jpg\" class=\"attachment-thumbnail size-thumbnail\" alt=\"\" \/><\/a>\n\t\t\t<\/div><\/figure><figure class='gallery-item'>\n\t\t\t<div class='gallery-icon landscape'>\n\t\t\t\t<a href='https:\/\/reisen.kriewel.de\/schweden2016\/files\/2016\/08\/IMG_1280.jpg' title=\"\" data-rl_title=\"\" class=\"rl-gallery-link\" data-rl_caption=\"\" data-rel=\"lightbox-gallery-1\"><img loading=\"lazy\" decoding=\"async\" width=\"150\" height=\"150\" src=\"https:\/\/reisen.kriewel.de\/schweden2016\/files\/2016\/08\/IMG_1280-150x150.jpg\" class=\"attachment-thumbnail size-thumbnail\" alt=\"\" \/><\/a>\n\t\t\t<\/div><\/figure><figure class='gallery-item'>\n\t\t\t<div class='gallery-icon landscape'>\n\t\t\t\t<a href='https:\/\/reisen.kriewel.de\/schweden2016\/files\/2016\/08\/IMG_1299.jpg' title=\"\" data-rl_title=\"\" class=\"rl-gallery-link\" data-rl_caption=\"\" data-rel=\"lightbox-gallery-1\"><img loading=\"lazy\" decoding=\"async\" width=\"150\" height=\"150\" src=\"https:\/\/reisen.kriewel.de\/schweden2016\/files\/2016\/08\/IMG_1299-150x150.jpg\" class=\"attachment-thumbnail size-thumbnail\" alt=\"\" \/><\/a>\n\t\t\t<\/div><\/figure><figure class='gallery-item'>\n\t\t\t<div class='gallery-icon landscape'>\n\t\t\t\t<a href='https:\/\/reisen.kriewel.de\/schweden2016\/files\/2016\/08\/IMG_1282.jpg' title=\"\" data-rl_title=\"\" class=\"rl-gallery-link\" data-rl_caption=\"\" data-rel=\"lightbox-gallery-1\"><img loading=\"lazy\" decoding=\"async\" width=\"150\" height=\"150\" src=\"https:\/\/reisen.kriewel.de\/schweden2016\/files\/2016\/08\/IMG_1282-150x150.jpg\" class=\"attachment-thumbnail size-thumbnail\" alt=\"\" \/><\/a>\n\t\t\t<\/div><\/figure><figure class='gallery-item'>\n\t\t\t<div class='gallery-icon landscape'>\n\t\t\t\t<a href='https:\/\/reisen.kriewel.de\/schweden2016\/files\/2016\/08\/IMG_1284.jpg' title=\"\" data-rl_title=\"\" class=\"rl-gallery-link\" data-rl_caption=\"\" data-rel=\"lightbox-gallery-1\"><img loading=\"lazy\" decoding=\"async\" width=\"150\" height=\"150\" src=\"https:\/\/reisen.kriewel.de\/schweden2016\/files\/2016\/08\/IMG_1284-150x150.jpg\" class=\"attachment-thumbnail size-thumbnail\" alt=\"\" \/><\/a>\n\t\t\t<\/div><\/figure><figure class='gallery-item'>\n\t\t\t<div class='gallery-icon landscape'>\n\t\t\t\t<a href='https:\/\/reisen.kriewel.de\/schweden2016\/files\/2016\/08\/IMG_1294.jpg' title=\"\" data-rl_title=\"\" class=\"rl-gallery-link\" data-rl_caption=\"\" data-rel=\"lightbox-gallery-1\"><img loading=\"lazy\" decoding=\"async\" width=\"150\" height=\"150\" src=\"https:\/\/reisen.kriewel.de\/schweden2016\/files\/2016\/08\/IMG_1294-150x150.jpg\" class=\"attachment-thumbnail size-thumbnail\" alt=\"\" \/><\/a>\n\t\t\t<\/div><\/figure><figure class='gallery-item'>\n\t\t\t<div class='gallery-icon landscape'>\n\t\t\t\t<a href='https:\/\/reisen.kriewel.de\/schweden2016\/files\/2016\/08\/IMG_1287.jpg' title=\"\" data-rl_title=\"\" class=\"rl-gallery-link\" data-rl_caption=\"\" data-rel=\"lightbox-gallery-1\"><img loading=\"lazy\" decoding=\"async\" width=\"150\" height=\"150\" src=\"https:\/\/reisen.kriewel.de\/schweden2016\/files\/2016\/08\/IMG_1287-150x150.jpg\" class=\"attachment-thumbnail size-thumbnail\" alt=\"\" \/><\/a>\n\t\t\t<\/div><\/figure><figure class='gallery-item'>\n\t\t\t<div class='gallery-icon landscape'>\n\t\t\t\t<a href='https:\/\/reisen.kriewel.de\/schweden2016\/files\/2016\/08\/IMG_1297.jpg' title=\"\" data-rl_title=\"\" class=\"rl-gallery-link\" data-rl_caption=\"\" data-rel=\"lightbox-gallery-1\"><img loading=\"lazy\" decoding=\"async\" width=\"150\" height=\"150\" src=\"https:\/\/reisen.kriewel.de\/schweden2016\/files\/2016\/08\/IMG_1297-150x150.jpg\" class=\"attachment-thumbnail size-thumbnail\" alt=\"\" \/><\/a>\n\t\t\t<\/div><\/figure><figure class='gallery-item'>\n\t\t\t<div class='gallery-icon landscape'>\n\t\t\t\t<a href='https:\/\/reisen.kriewel.de\/schweden2016\/files\/2016\/08\/IMG_1290.jpg' title=\"\" data-rl_title=\"\" class=\"rl-gallery-link\" data-rl_caption=\"\" data-rel=\"lightbox-gallery-1\"><img loading=\"lazy\" decoding=\"async\" width=\"150\" height=\"150\" src=\"https:\/\/reisen.kriewel.de\/schweden2016\/files\/2016\/08\/IMG_1290-150x150.jpg\" class=\"attachment-thumbnail size-thumbnail\" alt=\"\" \/><\/a>\n\t\t\t<\/div><\/figure><figure class='gallery-item'>\n\t\t\t<div class='gallery-icon landscape'>\n\t\t\t\t<a href='https:\/\/reisen.kriewel.de\/schweden2016\/files\/2016\/08\/IMG_1316.jpg' title=\"\" data-rl_title=\"\" class=\"rl-gallery-link\" data-rl_caption=\"\" data-rel=\"lightbox-gallery-1\"><img loading=\"lazy\" decoding=\"async\" width=\"150\" height=\"150\" src=\"https:\/\/reisen.kriewel.de\/schweden2016\/files\/2016\/08\/IMG_1316-150x150.jpg\" class=\"attachment-thumbnail size-thumbnail\" alt=\"\" \/><\/a>\n\t\t\t<\/div><\/figure><figure class='gallery-item'>\n\t\t\t<div class='gallery-icon landscape'>\n\t\t\t\t<a href='https:\/\/reisen.kriewel.de\/schweden2016\/files\/2016\/08\/IMG_1318.jpg' title=\"\" data-rl_title=\"\" class=\"rl-gallery-link\" data-rl_caption=\"\" data-rel=\"lightbox-gallery-1\"><img loading=\"lazy\" decoding=\"async\" width=\"150\" height=\"150\" src=\"https:\/\/reisen.kriewel.de\/schweden2016\/files\/2016\/08\/IMG_1318-150x150.jpg\" class=\"attachment-thumbnail size-thumbnail\" alt=\"\" \/><\/a>\n\t\t\t<\/div><\/figure><figure class='gallery-item'>\n\t\t\t<div class='gallery-icon landscape'>\n\t\t\t\t<a href='https:\/\/reisen.kriewel.de\/schweden2016\/files\/2016\/08\/IMG_1319.jpg' title=\"\" data-rl_title=\"\" class=\"rl-gallery-link\" data-rl_caption=\"\" data-rel=\"lightbox-gallery-1\"><img loading=\"lazy\" decoding=\"async\" width=\"150\" height=\"150\" src=\"https:\/\/reisen.kriewel.de\/schweden2016\/files\/2016\/08\/IMG_1319-150x150.jpg\" class=\"attachment-thumbnail size-thumbnail\" alt=\"\" \/><\/a>\n\t\t\t<\/div><\/figure><figure class='gallery-item'>\n\t\t\t<div class='gallery-icon landscape'>\n\t\t\t\t<a href='https:\/\/reisen.kriewel.de\/schweden2016\/files\/2016\/08\/IMG_1321.jpg' title=\"\" data-rl_title=\"\" class=\"rl-gallery-link\" data-rl_caption=\"\" data-rel=\"lightbox-gallery-1\"><img loading=\"lazy\" decoding=\"async\" width=\"150\" height=\"150\" src=\"https:\/\/reisen.kriewel.de\/schweden2016\/files\/2016\/08\/IMG_1321-150x150.jpg\" class=\"attachment-thumbnail size-thumbnail\" alt=\"\" \/><\/a>\n\t\t\t<\/div><\/figure><figure class='gallery-item'>\n\t\t\t<div class='gallery-icon landscape'>\n\t\t\t\t<a href='https:\/\/reisen.kriewel.de\/schweden2016\/files\/2016\/08\/IMG_1326.jpg' title=\"\" data-rl_title=\"\" class=\"rl-gallery-link\" data-rl_caption=\"\" data-rel=\"lightbox-gallery-1\"><img loading=\"lazy\" decoding=\"async\" width=\"150\" height=\"150\" src=\"https:\/\/reisen.kriewel.de\/schweden2016\/files\/2016\/08\/IMG_1326-150x150.jpg\" class=\"attachment-thumbnail size-thumbnail\" alt=\"\" \/><\/a>\n\t\t\t<\/div><\/figure><figure class='gallery-item'>\n\t\t\t<div class='gallery-icon landscape'>\n\t\t\t\t<a href='https:\/\/reisen.kriewel.de\/schweden2016\/files\/2016\/08\/IMG_1327.jpg' title=\"\" data-rl_title=\"\" class=\"rl-gallery-link\" data-rl_caption=\"\" data-rel=\"lightbox-gallery-1\"><img loading=\"lazy\" decoding=\"async\" width=\"150\" height=\"150\" src=\"https:\/\/reisen.kriewel.de\/schweden2016\/files\/2016\/08\/IMG_1327-150x150.jpg\" class=\"attachment-thumbnail size-thumbnail\" alt=\"\" \/><\/a>\n\t\t\t<\/div><\/figure><figure class='gallery-item'>\n\t\t\t<div class='gallery-icon landscape'>\n\t\t\t\t<a href='https:\/\/reisen.kriewel.de\/schweden2016\/files\/2016\/08\/IMG_1328.jpg' title=\"\" data-rl_title=\"\" class=\"rl-gallery-link\" data-rl_caption=\"\" data-rel=\"lightbox-gallery-1\"><img loading=\"lazy\" decoding=\"async\" width=\"150\" height=\"150\" src=\"https:\/\/reisen.kriewel.de\/schweden2016\/files\/2016\/08\/IMG_1328-150x150.jpg\" class=\"attachment-thumbnail size-thumbnail\" alt=\"\" \/><\/a>\n\t\t\t<\/div><\/figure>\n\t\t<\/div>\n\n","protected":false},"excerpt":{"rendered":"<p class=\"post-excerpt\">Bei strahlendem Sonnenschein \u00fcberquerten wir heute die Br\u00fccke zwischen Kalmar und \u00d6land, um den Tag auf der Insel zu verbringen&#8230;.<\/p>\n","protected":false},"author":2,"featured_media":194,"comment_status":"open","ping_status":"open","sticky":false,"template":"","format":"standard","meta":{"ngg_post_thumbnail":0,"footnotes":""},"categories":[1],"tags":[],"class_list":["post-172","post","type-post","status-publish","format-standard","has-post-thumbnail","hentry","category-allgemein"],"aioseo_notices":[],"_links":{"self":[{"href":"https:\/\/reisen.kriewel.de\/schweden2016\/wp-json\/wp\/v2\/posts\/172","targetHints":{"allow":["GET"]}}],"collection":[{"href":"https:\/\/reisen.kriewel.de\/schweden2016\/wp-json\/wp\/v2\/posts"}],"about":[{"href":"https:\/\/reisen.kriewel.de\/schweden2016\/wp-json\/wp\/v2\/types\/post"}],"author":[{"embeddable":true,"href":"https:\/\/reisen.kriewel.de\/schweden2016\/wp-json\/wp\/v2\/users\/2"}],"replies":[{"embeddable":true,"href":"https:\/\/reisen.kriewel.de\/schweden2016\/wp-json\/wp\/v2\/comments?post=172"}],"version-history":[{"count":4,"href":"https:\/\/reisen.kriewel.de\/schweden2016\/wp-json\/wp\/v2\/posts\/172\/revisions"}],"predecessor-version":[{"id":222,"href":"https:\/\/reisen.kriewel.de\/schweden2016\/wp-json\/wp\/v2\/posts\/172\/revisions\/222"}],"wp:featuredmedia":[{"embeddable":true,"href":"https:\/\/reisen.kriewel.de\/schweden2016\/wp-json\/wp\/v2\/media\/194"}],"wp:attachment":[{"href":"https:\/\/reisen.kriewel.de\/schweden2016\/wp-json\/wp\/v2\/media?parent=172"}],"wp:term":[{"taxonomy":"category","embeddable":true,"href":"https:\/\/reisen.kriewel.de\/schweden2016\/wp-json\/wp\/v2\/categories?post=172"},{"taxonomy":"post_tag","embeddable":true,"href":"https:\/\/reisen.kriewel.de\/schweden2016\/wp-json\/wp\/v2\/tags?post=172"}],"curies":[{"name":"wp","href":"https:\/\/api.w.org\/{rel}","templated":true}]}}