{"id":131,"date":"2016-08-05T22:30:00","date_gmt":"2016-08-05T20:30:00","guid":{"rendered":"https:\/\/reisen.kriewel.de\/schweden2016\/?p=131"},"modified":"2016-08-06T15:38:54","modified_gmt":"2016-08-06T13:38:54","slug":"rund-um-gotland","status":"publish","type":"post","link":"https:\/\/reisen.kriewel.de\/schweden2016\/2016\/08\/05\/rund-um-gotland\/","title":{"rendered":"Rund um Gotland&#8230;"},"content":{"rendered":"<p>Da wir am heutigen Tag nicht den Ort gewechselt haben, konnten wir den Morgen etwas ruhiger angehen. Nach einem ausgiebigen Fr\u00fchst\u00fcck starteten wir zu einer ausgedehnten Tour \u00fcber die Insel Gotland.<!--more--><\/p>\n<p>Als erstes ging es zur H\u00f6gklint, einer 48m hohen Kalk-Klippe mit Aussicht auf Visby. Hier lohnte ein kleiner Rundgang inklusive Abstieg auf halber H\u00f6he. Anschlie\u00dfend f\u00fchrte uns der Weg vorbei an einer sch\u00f6nen Schiffssetzung sowie drei alten Windm\u00fchlen. Nebenbei gab es jede Menge sch\u00f6ne Landschaft und Gotlandschafe zu bestaunen. An einem der zahlreichen Hofl\u00e4den machten wir Halt und erwarben ein typisches, graugelocktes Lammfell.<\/p>\n<p>Nun waren wir schon ziemlich im S\u00fcden der Insel und folgten nun einer Stra\u00dfe durch eine Wacholderheide die als &#8222;sehr sch\u00f6ner K\u00fcstenweg&#8220; ausgeschildert war. Tats\u00e4chlich verlief diese teilweise knapp oberhalb der Strandgrenze. Hier gibt es riesige Steinplatten, diese wurden fr\u00fcher abgebaut und als Baumaterial oder Wetzsteine benutzt. Ein kleines Museum am Weg gab dar\u00fcber sehr anschaulich Auskunft. Dann war auch der s\u00fcdlichste Punkt der Insel erreicht, die Klippe &#8222;Hoburgen&#8220;. Auch dort bot sich wieder eine sch\u00f6ne Ansicht \u00fcber Meer und Insel. Noch besser, war meiner Meinung nach, aber die Aussicht vom Leuchtturm in der der N\u00e4he. Auf einem kleinen Rundweg bei &#8222;Holmh\u00e4llar&#8220; gab es einige der ber\u00fchmten &#8222;Raukar&#8220; (Sandsteins\u00e4ulen) zu sehen. Durch malerische Landschaft und verschlafene Orte mit beachtlich vielen Kirchen, kamen wir nach &#8222;Ettelheim&#8220;. Der Ort ist bekannt f\u00fcr seine T\u00f6pferei, bei der wer Angesichts der doch sehr hohen Preise (wohl extra f\u00fcr Touristen) nichts kauften. Angeschlossen daran ist aber ein idyllisches Caf\u00e9, in dem wir uns nach den vielen Spazierg\u00e4ngen des Vormittags st\u00e4rkten. Nun hatten wir den S\u00fcden der Insel ausreichend erkundet, allerdings war die Zeit schon vorangeschritten. In Visby wieder angekommen, der Weg nach Norden f\u00fchrte hier her, war es schon 18:00 Uhr. So beschlossen wir, dass der Nordteil bis zu unserem n\u00e4chsten Besuch warten muss. Da der Samstag f\u00fcr uns um 4:30 Uhr beginnen w\u00fcrde, gingen wir zun\u00e4chst zum Kofferpacken ins Hotel zur\u00fcck. Zum Abschluss unseres Gotland-Aufenthaltes genossen wir dann noch einen lauen Abend in Visbys Altstadt. Zum Abendessen gab es Lamm nach gotl\u00e4ndischer Tradition und dass bei wunderbaren Sonnenuntergang auf der Terrasse. Ein perfekter Abschluss des Tages.<\/p>\n<div id='gallery-1' class='gallery galleryid-131 gallery-columns-3 gallery-size-thumbnail'><figure class='gallery-item'>\n\t\t\t<div class='gallery-icon landscape'>\n\t\t\t\t<a href='https:\/\/reisen.kriewel.de\/schweden2016\/files\/2016\/08\/IMG_1140.jpg' title=\"\" data-rl_title=\"\" class=\"rl-gallery-link\" data-rl_caption=\"\" data-rel=\"lightbox-gallery-1\"><img loading=\"lazy\" decoding=\"async\" width=\"150\" height=\"150\" src=\"https:\/\/reisen.kriewel.de\/schweden2016\/files\/2016\/08\/IMG_1140-150x150.jpg\" class=\"attachment-thumbnail size-thumbnail\" alt=\"\" \/><\/a>\n\t\t\t<\/div><\/figure><figure class='gallery-item'>\n\t\t\t<div class='gallery-icon landscape'>\n\t\t\t\t<a href='https:\/\/reisen.kriewel.de\/schweden2016\/files\/2016\/08\/IMG_1137.jpg' title=\"\" data-rl_title=\"\" class=\"rl-gallery-link\" data-rl_caption=\"\" data-rel=\"lightbox-gallery-1\"><img loading=\"lazy\" decoding=\"async\" width=\"150\" height=\"150\" src=\"https:\/\/reisen.kriewel.de\/schweden2016\/files\/2016\/08\/IMG_1137-150x150.jpg\" class=\"attachment-thumbnail size-thumbnail\" alt=\"\" \/><\/a>\n\t\t\t<\/div><\/figure><figure class='gallery-item'>\n\t\t\t<div class='gallery-icon landscape'>\n\t\t\t\t<a href='https:\/\/reisen.kriewel.de\/schweden2016\/files\/2016\/08\/IMG_1148.jpg' title=\"\" data-rl_title=\"\" class=\"rl-gallery-link\" data-rl_caption=\"\" data-rel=\"lightbox-gallery-1\"><img loading=\"lazy\" decoding=\"async\" width=\"150\" height=\"150\" src=\"https:\/\/reisen.kriewel.de\/schweden2016\/files\/2016\/08\/IMG_1148-150x150.jpg\" class=\"attachment-thumbnail size-thumbnail\" alt=\"\" \/><\/a>\n\t\t\t<\/div><\/figure><figure class='gallery-item'>\n\t\t\t<div class='gallery-icon landscape'>\n\t\t\t\t<a href='https:\/\/reisen.kriewel.de\/schweden2016\/files\/2016\/08\/IMG_1153.jpg' title=\"\" data-rl_title=\"\" class=\"rl-gallery-link\" data-rl_caption=\"\" data-rel=\"lightbox-gallery-1\"><img loading=\"lazy\" decoding=\"async\" width=\"150\" height=\"150\" src=\"https:\/\/reisen.kriewel.de\/schweden2016\/files\/2016\/08\/IMG_1153-150x150.jpg\" class=\"attachment-thumbnail size-thumbnail\" alt=\"\" \/><\/a>\n\t\t\t<\/div><\/figure><figure class='gallery-item'>\n\t\t\t<div class='gallery-icon landscape'>\n\t\t\t\t<a href='https:\/\/reisen.kriewel.de\/schweden2016\/files\/2016\/08\/IMG_1154.jpg' title=\"\" data-rl_title=\"\" class=\"rl-gallery-link\" data-rl_caption=\"\" data-rel=\"lightbox-gallery-1\"><img loading=\"lazy\" decoding=\"async\" width=\"150\" height=\"150\" src=\"https:\/\/reisen.kriewel.de\/schweden2016\/files\/2016\/08\/IMG_1154-150x150.jpg\" class=\"attachment-thumbnail size-thumbnail\" alt=\"\" \/><\/a>\n\t\t\t<\/div><\/figure><figure class='gallery-item'>\n\t\t\t<div class='gallery-icon landscape'>\n\t\t\t\t<a href='https:\/\/reisen.kriewel.de\/schweden2016\/files\/2016\/08\/IMG_1161.jpg' title=\"\" data-rl_title=\"\" class=\"rl-gallery-link\" data-rl_caption=\"\" data-rel=\"lightbox-gallery-1\"><img loading=\"lazy\" decoding=\"async\" width=\"150\" height=\"150\" src=\"https:\/\/reisen.kriewel.de\/schweden2016\/files\/2016\/08\/IMG_1161-150x150.jpg\" class=\"attachment-thumbnail size-thumbnail\" alt=\"\" \/><\/a>\n\t\t\t<\/div><\/figure><figure class='gallery-item'>\n\t\t\t<div class='gallery-icon landscape'>\n\t\t\t\t<a href='https:\/\/reisen.kriewel.de\/schweden2016\/files\/2016\/08\/IMG_1171.jpg' title=\"\" data-rl_title=\"\" class=\"rl-gallery-link\" data-rl_caption=\"\" data-rel=\"lightbox-gallery-1\"><img loading=\"lazy\" decoding=\"async\" width=\"150\" height=\"150\" src=\"https:\/\/reisen.kriewel.de\/schweden2016\/files\/2016\/08\/IMG_1171-150x150.jpg\" class=\"attachment-thumbnail size-thumbnail\" alt=\"\" \/><\/a>\n\t\t\t<\/div><\/figure><figure class='gallery-item'>\n\t\t\t<div class='gallery-icon landscape'>\n\t\t\t\t<a href='https:\/\/reisen.kriewel.de\/schweden2016\/files\/2016\/08\/IMG_1174.jpg' title=\"\" data-rl_title=\"\" class=\"rl-gallery-link\" data-rl_caption=\"\" data-rel=\"lightbox-gallery-1\"><img loading=\"lazy\" decoding=\"async\" width=\"150\" height=\"150\" src=\"https:\/\/reisen.kriewel.de\/schweden2016\/files\/2016\/08\/IMG_1174-150x150.jpg\" class=\"attachment-thumbnail size-thumbnail\" alt=\"\" \/><\/a>\n\t\t\t<\/div><\/figure><figure class='gallery-item'>\n\t\t\t<div class='gallery-icon landscape'>\n\t\t\t\t<a href='https:\/\/reisen.kriewel.de\/schweden2016\/files\/2016\/08\/IMG_1178.jpg' title=\"\" data-rl_title=\"\" class=\"rl-gallery-link\" data-rl_caption=\"\" data-rel=\"lightbox-gallery-1\"><img loading=\"lazy\" decoding=\"async\" width=\"150\" height=\"150\" src=\"https:\/\/reisen.kriewel.de\/schweden2016\/files\/2016\/08\/IMG_1178-150x150.jpg\" class=\"attachment-thumbnail size-thumbnail\" alt=\"\" \/><\/a>\n\t\t\t<\/div><\/figure><figure class='gallery-item'>\n\t\t\t<div class='gallery-icon landscape'>\n\t\t\t\t<a href='https:\/\/reisen.kriewel.de\/schweden2016\/files\/2016\/08\/IMG_1193.jpg' title=\"\" data-rl_title=\"\" class=\"rl-gallery-link\" data-rl_caption=\"\" data-rel=\"lightbox-gallery-1\"><img loading=\"lazy\" decoding=\"async\" width=\"150\" height=\"150\" src=\"https:\/\/reisen.kriewel.de\/schweden2016\/files\/2016\/08\/IMG_1193-150x150.jpg\" class=\"attachment-thumbnail size-thumbnail\" alt=\"\" \/><\/a>\n\t\t\t<\/div><\/figure><figure class='gallery-item'>\n\t\t\t<div class='gallery-icon landscape'>\n\t\t\t\t<a href='https:\/\/reisen.kriewel.de\/schweden2016\/files\/2016\/08\/IMG_1196.jpg' title=\"\" data-rl_title=\"\" class=\"rl-gallery-link\" data-rl_caption=\"\" data-rel=\"lightbox-gallery-1\"><img loading=\"lazy\" decoding=\"async\" width=\"150\" height=\"150\" src=\"https:\/\/reisen.kriewel.de\/schweden2016\/files\/2016\/08\/IMG_1196-150x150.jpg\" class=\"attachment-thumbnail size-thumbnail\" alt=\"\" \/><\/a>\n\t\t\t<\/div><\/figure><figure class='gallery-item'>\n\t\t\t<div class='gallery-icon portrait'>\n\t\t\t\t<a href='https:\/\/reisen.kriewel.de\/schweden2016\/files\/2016\/08\/IMG_1200.jpg' title=\"\" data-rl_title=\"\" class=\"rl-gallery-link\" data-rl_caption=\"\" data-rel=\"lightbox-gallery-1\"><img loading=\"lazy\" decoding=\"async\" width=\"150\" height=\"150\" src=\"https:\/\/reisen.kriewel.de\/schweden2016\/files\/2016\/08\/IMG_1200-150x150.jpg\" class=\"attachment-thumbnail size-thumbnail\" alt=\"\" \/><\/a>\n\t\t\t<\/div><\/figure><figure class='gallery-item'>\n\t\t\t<div class='gallery-icon landscape'>\n\t\t\t\t<a href='https:\/\/reisen.kriewel.de\/schweden2016\/files\/2016\/08\/IMG_1201.jpg' title=\"\" data-rl_title=\"\" class=\"rl-gallery-link\" data-rl_caption=\"\" data-rel=\"lightbox-gallery-1\"><img loading=\"lazy\" decoding=\"async\" width=\"150\" height=\"150\" src=\"https:\/\/reisen.kriewel.de\/schweden2016\/files\/2016\/08\/IMG_1201-150x150.jpg\" class=\"attachment-thumbnail size-thumbnail\" alt=\"\" \/><\/a>\n\t\t\t<\/div><\/figure><figure class='gallery-item'>\n\t\t\t<div class='gallery-icon landscape'>\n\t\t\t\t<a href='https:\/\/reisen.kriewel.de\/schweden2016\/files\/2016\/08\/IMG_1216.jpg' title=\"\" data-rl_title=\"\" class=\"rl-gallery-link\" data-rl_caption=\"\" data-rel=\"lightbox-gallery-1\"><img loading=\"lazy\" decoding=\"async\" width=\"150\" height=\"150\" src=\"https:\/\/reisen.kriewel.de\/schweden2016\/files\/2016\/08\/IMG_1216-150x150.jpg\" class=\"attachment-thumbnail size-thumbnail\" alt=\"\" \/><\/a>\n\t\t\t<\/div><\/figure><figure class='gallery-item'>\n\t\t\t<div class='gallery-icon landscape'>\n\t\t\t\t<a href='https:\/\/reisen.kriewel.de\/schweden2016\/files\/2016\/08\/IMG_1223.jpg' title=\"\" data-rl_title=\"\" class=\"rl-gallery-link\" data-rl_caption=\"\" data-rel=\"lightbox-gallery-1\"><img loading=\"lazy\" decoding=\"async\" width=\"150\" height=\"150\" src=\"https:\/\/reisen.kriewel.de\/schweden2016\/files\/2016\/08\/IMG_1223-150x150.jpg\" class=\"attachment-thumbnail size-thumbnail\" alt=\"\" \/><\/a>\n\t\t\t<\/div><\/figure><figure class='gallery-item'>\n\t\t\t<div class='gallery-icon landscape'>\n\t\t\t\t<a href='https:\/\/reisen.kriewel.de\/schweden2016\/files\/2016\/08\/IMG_1224.jpg' title=\"\" data-rl_title=\"\" class=\"rl-gallery-link\" data-rl_caption=\"\" data-rel=\"lightbox-gallery-1\"><img loading=\"lazy\" decoding=\"async\" width=\"150\" height=\"150\" src=\"https:\/\/reisen.kriewel.de\/schweden2016\/files\/2016\/08\/IMG_1224-150x150.jpg\" class=\"attachment-thumbnail size-thumbnail\" alt=\"\" \/><\/a>\n\t\t\t<\/div><\/figure>\n\t\t<\/div>\n\n","protected":false},"excerpt":{"rendered":"<p class=\"post-excerpt\">Da wir am heutigen Tag nicht den Ort gewechselt haben, konnten wir den Morgen etwas ruhiger angehen. Nach einem ausgiebigen&#8230;<\/p>\n","protected":false},"author":2,"featured_media":141,"comment_status":"open","ping_status":"open","sticky":false,"template":"","format":"standard","meta":{"ngg_post_thumbnail":0,"footnotes":""},"categories":[1],"tags":[],"class_list":["post-131","post","type-post","status-publish","format-standard","has-post-thumbnail","hentry","category-allgemein"],"aioseo_notices":[],"_links":{"self":[{"href":"https:\/\/reisen.kriewel.de\/schweden2016\/wp-json\/wp\/v2\/posts\/131","targetHints":{"allow":["GET"]}}],"collection":[{"href":"https:\/\/reisen.kriewel.de\/schweden2016\/wp-json\/wp\/v2\/posts"}],"about":[{"href":"https:\/\/reisen.kriewel.de\/schweden2016\/wp-json\/wp\/v2\/types\/post"}],"author":[{"embeddable":true,"href":"https:\/\/reisen.kriewel.de\/schweden2016\/wp-json\/wp\/v2\/users\/2"}],"replies":[{"embeddable":true,"href":"https:\/\/reisen.kriewel.de\/schweden2016\/wp-json\/wp\/v2\/comments?post=131"}],"version-history":[{"count":6,"href":"https:\/\/reisen.kriewel.de\/schweden2016\/wp-json\/wp\/v2\/posts\/131\/revisions"}],"predecessor-version":[{"id":155,"href":"https:\/\/reisen.kriewel.de\/schweden2016\/wp-json\/wp\/v2\/posts\/131\/revisions\/155"}],"wp:featuredmedia":[{"embeddable":true,"href":"https:\/\/reisen.kriewel.de\/schweden2016\/wp-json\/wp\/v2\/media\/141"}],"wp:attachment":[{"href":"https:\/\/reisen.kriewel.de\/schweden2016\/wp-json\/wp\/v2\/media?parent=131"}],"wp:term":[{"taxonomy":"category","embeddable":true,"href":"https:\/\/reisen.kriewel.de\/schweden2016\/wp-json\/wp\/v2\/categories?post=131"},{"taxonomy":"post_tag","embeddable":true,"href":"https:\/\/reisen.kriewel.de\/schweden2016\/wp-json\/wp\/v2\/tags?post=131"}],"curies":[{"name":"wp","href":"https:\/\/api.w.org\/{rel}","templated":true}]}}