{"id":78,"date":"2012-07-05T13:03:46","date_gmt":"2012-07-05T11:03:46","guid":{"rendered":"https:\/\/reisen.kriewel.de\/island2012\/?p=78"},"modified":"2012-07-18T20:59:37","modified_gmt":"2012-07-18T18:59:37","slug":"die-reiseroute","status":"publish","type":"post","link":"https:\/\/reisen.kriewel.de\/island2012\/2012\/07\/05\/die-reiseroute\/","title":{"rendered":"Die Reiseroute"},"content":{"rendered":"<p>Tja, wo geht&#8217;s eigentlich genau hin&#8230; eigentlich einmal rund um Island &#8211; der Ringstra\u00dfe folgend &#8211; mit kleineren Abstechern ins Landesinnere.<br \/>\n<a href=\"https:\/\/reisen.kriewel.de\/island2012\/files\/2012\/07\/stepmap-karte-island-2012-1142504.png\"><img loading=\"lazy\" decoding=\"async\" class=\"wp-image-81 alignleft\" title=\"Island-Karte\" src=\"https:\/\/reisen.kriewel.de\/island2012\/files\/2012\/07\/stepmap-karte-island-2012-1142504.png\" alt=\"Island-Karte\" width=\"640\" height=\"640\" srcset=\"https:\/\/reisen.kriewel.de\/island2012\/files\/2012\/07\/stepmap-karte-island-2012-1142504.png 640w, https:\/\/reisen.kriewel.de\/island2012\/files\/2012\/07\/stepmap-karte-island-2012-1142504-150x150.png 150w, https:\/\/reisen.kriewel.de\/island2012\/files\/2012\/07\/stepmap-karte-island-2012-1142504-300x300.png 300w\" sizes=\"auto, (max-width: 640px) 100vw, 640px\" \/><\/a><\/p>\n<figure id=\"attachment_84\" aria-describedby=\"caption-attachment-84\" style=\"width: 150px\" class=\"wp-caption alignleft\"><a href=\"https:\/\/reisen.kriewel.de\/island2012\/files\/2012\/07\/1280px-Reykjav\u00edk-pjt1.jpg\"><img loading=\"lazy\" decoding=\"async\" class=\"size-thumbnail wp-image-84\" title=\"Reykjav\u00edk\" src=\"https:\/\/reisen.kriewel.de\/island2012\/files\/2012\/07\/1280px-Reykjav\u00edk-pjt1-150x150.jpg\" alt=\"Reykjav\u00edk\" width=\"150\" height=\"150\" \/><\/a><figcaption id=\"caption-attachment-84\" class=\"wp-caption-text\">Reykjav\u00edk<\/figcaption><\/figure>\n<p style=\"text-align: left;\">Los geht es in Reykjav\u00edk, der Hauptstadt des Landes mit gerade einmal knapp 119.000 Einwohnern, was aber immerhin schon fast 38% der Gesamtbev\u00f6lkerung entspricht.<\/p>\n<figure id=\"attachment_85\" aria-describedby=\"caption-attachment-85\" style=\"width: 150px\" class=\"wp-caption alignright\"><a href=\"https:\/\/reisen.kriewel.de\/island2012\/files\/2012\/07\/1280px-2008-05-25_14_33_56_Iceland-\u00deingvellir.jpg\"><img loading=\"lazy\" decoding=\"async\" class=\"size-thumbnail wp-image-85\" title=\"\u00deingvellir\" src=\"https:\/\/reisen.kriewel.de\/island2012\/files\/2012\/07\/1280px-2008-05-25_14_33_56_Iceland-\u00deingvellir-150x150.jpg\" alt=\"\u00deingvellir\" width=\"150\" height=\"150\" \/><\/a><figcaption id=\"caption-attachment-85\" class=\"wp-caption-text\">\u00deingvellir<\/figcaption><\/figure>\n<p style=\"text-align: left;\">Von hier geht es Richtung Thingvellir (\u00deingvellir) ca. 40km von Reykjav\u00edk entfernt. Hier lockt ein Trip durch die Allm\u00e4nnerschlucht, dem Ursprungsort des \u00e4ltesten Parlamentes der Welt und zugleich geologische Nahtstelle zwischen Europa und Amerika.<!--more--><\/p>\n<figure id=\"attachment_86\" aria-describedby=\"caption-attachment-86\" style=\"width: 150px\" class=\"wp-caption alignleft\"><a href=\"https:\/\/reisen.kriewel.de\/island2012\/files\/2012\/07\/1280px-GullfossOverview.jpg\"><img loading=\"lazy\" decoding=\"async\" class=\"size-thumbnail wp-image-86 \" title=\"Gullfoss\" src=\"https:\/\/reisen.kriewel.de\/island2012\/files\/2012\/07\/1280px-GullfossOverview-150x150.jpg\" alt=\"Gulfoss\" width=\"150\" height=\"150\" \/><\/a><figcaption id=\"caption-attachment-86\" class=\"wp-caption-text\">Gulfoss<\/figcaption><\/figure>\n<p style=\"text-align: left;\">Weiter geht&#8217;s \u00fcber den \u00d6xara-Wasserfall und den Gulfoss-Wasser zum &#8222;Geysir&#8220;, also dem Geysir, der allen anderen seinen Namen gab.<\/p>\n<p style=\"text-align: left;\">Am 3. Tag geht es mit der F\u00e4hre auf die s\u00fcdlich des Festlandes vorgelagerten Westm\u00e4nnerinseln, die zu Fu\u00df von uns erkundet werden wollen.<\/p>\n<figure id=\"attachment_87\" aria-describedby=\"caption-attachment-87\" style=\"width: 150px\" class=\"wp-caption alignright\"><a href=\"https:\/\/reisen.kriewel.de\/island2012\/files\/2012\/07\/1280px-Dyrh\u00f3laey.jpg\"><img loading=\"lazy\" decoding=\"async\" class=\"size-thumbnail wp-image-87 \" title=\"Dyrh\u00f3laey\" src=\"https:\/\/reisen.kriewel.de\/island2012\/files\/2012\/07\/1280px-Dyrh\u00f3laey-150x150.jpg\" alt=\"Kap Dyrh\u00f3laey\" width=\"150\" height=\"150\" \/><\/a><figcaption id=\"caption-attachment-87\" class=\"wp-caption-text\">Kap Dyrh\u00f3laey<\/figcaption><\/figure>\n<p style=\"text-align: left;\">Zur\u00fcck an der K\u00fcste im S\u00fcden geht es am n\u00e4chsten Tag \u00fcber die Wasserf\u00e4lle Sko und Seljalandsfoss weiter \u00fcber das Kap Dyrh\u00f3laey und Vik weiter zum Skaftafell-Nationalpark, den wir dann mehrere Tage erkunden und erwandern um so z.B. Glescher und den Svartifoss zu besuchen.<br \/>\nAm 7. Tag geht es zum J\u00f6kuls\u00e1rl\u00f3n, einer Gletscherlagune und weiter nach Egilssta\u00f0ir.<\/p>\n<figure id=\"attachment_90\" aria-describedby=\"caption-attachment-90\" style=\"width: 150px\" class=\"wp-caption alignleft\"><a href=\"https:\/\/reisen.kriewel.de\/island2012\/files\/2012\/07\/1280px-Asbyrgi_Canyon_Iceland_2005.jpg\"><img loading=\"lazy\" decoding=\"async\" class=\"size-thumbnail wp-image-90\" title=\" \u00c1sbyrgi\" src=\"https:\/\/reisen.kriewel.de\/island2012\/files\/2012\/07\/1280px-Asbyrgi_Canyon_Iceland_2005-150x150.jpg\" alt=\" \u00c1sbyrgi\" width=\"150\" height=\"150\" \/><\/a><figcaption id=\"caption-attachment-90\" class=\"wp-caption-text\">\u00c1sbyrgi<\/figcaption><\/figure>\n<p style=\"text-align: left;\">Der n\u00e4chste Tag f\u00fchr uns weiter zum Dettifoss und zu Schlucht von \u00c1sbyrgi.<br \/>\nWeiter geht es durch eine unwirtliche Landschaft nach Norden Richtung, wo wir die Schlucht &#8222;Der Huf Sleipnirs&#8220; zu Fu\u00df erkunden.<\/p>\n<p style=\"text-align: left;\">Am 10. Tag geht es \u00fcber die Husavik-Habinsel weiter zur Hafenstadt Akureyri, der mit knapp 18.000 Einwohner viertgr\u00f6\u00dften &#8222;Stadt&#8220; Islands.<\/p>\n<figure id=\"attachment_91\" aria-describedby=\"caption-attachment-91\" style=\"width: 150px\" class=\"wp-caption alignright\"><a href=\"https:\/\/reisen.kriewel.de\/island2012\/files\/2012\/07\/1280px-MyvatnIsland.jpg\"><img loading=\"lazy\" decoding=\"async\" class=\"size-thumbnail wp-image-91\" title=\"M\u00fdvatn\" src=\"https:\/\/reisen.kriewel.de\/island2012\/files\/2012\/07\/1280px-MyvatnIsland-150x150.jpg\" alt=\"M\u00fdvatn\" width=\"150\" height=\"150\" \/><\/a><figcaption id=\"caption-attachment-91\" class=\"wp-caption-text\">M\u00fdvatn<\/figcaption><\/figure>\n<p style=\"text-align: left;\">N\u00e4chste Station der Reise ist der M\u00fdvatn oder &#8222;M\u00fcckensee&#8220;, wobei der Name hier Programm ist, denn im Sommer irgt die Umgebung des Sees Millionen von M\u00fccken, wobei ein Gro\u00dfteil harmlose Zuckm\u00fccken sind, die nicht stechen&#8230; doch auch die stechende Variante, die Kribelm\u00fccke ist in ausreichnder Anzahl vorhanden.<\/p>\n<figure id=\"attachment_92\" aria-describedby=\"caption-attachment-92\" style=\"width: 150px\" class=\"wp-caption alignleft\"><a href=\"https:\/\/reisen.kriewel.de\/island2012\/files\/2012\/07\/1280px-Sn\u00e6fellsj\u00f6kull_2010.jpg\"><img loading=\"lazy\" decoding=\"async\" class=\"size-thumbnail wp-image-92\" title=\"Sn\u00e6fellsj\u00f6kull\" src=\"https:\/\/reisen.kriewel.de\/island2012\/files\/2012\/07\/1280px-Sn\u00e6fellsj\u00f6kull_2010-150x150.jpg\" alt=\"Sn\u00e6fellsj\u00f6kull\" width=\"150\" height=\"150\" \/><\/a><figcaption id=\"caption-attachment-92\" class=\"wp-caption-text\">Sn\u00e6fellsj\u00f6kull<\/figcaption><\/figure>\n<p style=\"text-align: left;\">Von hier aus geht es weiter nach Westen Richtung Stykkish\u00f3lmsb\u00e6r auf der Sn\u00e6fellsnes-Halbinsel, wo wir auf den Spuren Jule Vernes &#8222;Reise zum Mittelpunkt der Erde&#8220; wandern und zudem eine riesige Vogelkolonie an der K\u00fcste besuchen.<\/p>\n<p style=\"text-align: left;\">Danach geht es auch schon weiter Richtung S\u00fcden und zur\u00fcck nach Reykjav\u00edk, wo wir noch ein wenig Zeit verbringen um die Stadt zu erkunden. Danach hei\u00df es langsam wieder Abschied nehmen und mit dem Flieger zur\u00fcck in die Heimat zu starten. Hoffentlich gut erholt und mit einer Menge sch\u00f6ner Erinnungen und genauso vielen sch\u00f6nen Fotos der einmaligen Landschaft im Gep\u00e4ck.<\/p>\n","protected":false},"excerpt":{"rendered":"<p>Tja, wo geht&#8217;s eigentlich genau hin&#8230; eigentlich einmal rund um Island &#8211; der Ringstra\u00dfe folgend &#8211; mit kleineren Abstechern ins Landesinnere. Los geht es in Reykjav\u00edk, der Hauptstadt des Landes mit gerade einmal knapp 119.000 Einwohnern, was aber immerhin schon<\/p>\n","protected":false},"author":1,"featured_media":0,"comment_status":"open","ping_status":"open","sticky":false,"template":"","format":"standard","meta":{"ngg_post_thumbnail":0,"footnotes":""},"categories":[1],"tags":[3],"class_list":["post-78","post","type-post","status-publish","format-standard","hentry","category-allgemein","tag-island"],"_links":{"self":[{"href":"https:\/\/reisen.kriewel.de\/island2012\/wp-json\/wp\/v2\/posts\/78","targetHints":{"allow":["GET"]}}],"collection":[{"href":"https:\/\/reisen.kriewel.de\/island2012\/wp-json\/wp\/v2\/posts"}],"about":[{"href":"https:\/\/reisen.kriewel.de\/island2012\/wp-json\/wp\/v2\/types\/post"}],"author":[{"embeddable":true,"href":"https:\/\/reisen.kriewel.de\/island2012\/wp-json\/wp\/v2\/users\/1"}],"replies":[{"embeddable":true,"href":"https:\/\/reisen.kriewel.de\/island2012\/wp-json\/wp\/v2\/comments?post=78"}],"version-history":[{"count":0,"href":"https:\/\/reisen.kriewel.de\/island2012\/wp-json\/wp\/v2\/posts\/78\/revisions"}],"wp:attachment":[{"href":"https:\/\/reisen.kriewel.de\/island2012\/wp-json\/wp\/v2\/media?parent=78"}],"wp:term":[{"taxonomy":"category","embeddable":true,"href":"https:\/\/reisen.kriewel.de\/island2012\/wp-json\/wp\/v2\/categories?post=78"},{"taxonomy":"post_tag","embeddable":true,"href":"https:\/\/reisen.kriewel.de\/island2012\/wp-json\/wp\/v2\/tags?post=78"}],"curies":[{"name":"wp","href":"https:\/\/api.w.org\/{rel}","templated":true}]}}