{"id":219,"date":"2012-08-18T07:29:01","date_gmt":"2012-08-18T05:29:01","guid":{"rendered":"https:\/\/reisen.kriewel.de\/island2012\/?p=219"},"modified":"2023-11-09T11:22:47","modified_gmt":"2023-11-09T10:22:47","slug":"der-goldene-kreis","status":"publish","type":"post","link":"https:\/\/reisen.kriewel.de\/island2012\/2012\/08\/18\/der-goldene-kreis\/","title":{"rendered":"Der goldene Kreis"},"content":{"rendered":"\n<figure class=\"wp-block-gallery has-nested-images columns-default is-cropped wp-block-gallery-1 is-layout-flex wp-block-gallery-is-layout-flex\">\n<figure data-wp-context=\"{&quot;imageId&quot;:&quot;69f37217891b4&quot;}\" data-wp-interactive=\"core\/image\" data-wp-key=\"69f37217891b4\" class=\"wp-block-image size-medium wp-lightbox-container\"><img loading=\"lazy\" decoding=\"async\" width=\"300\" height=\"179\" data-wp-class--hide=\"state.isContentHidden\" data-wp-class--show=\"state.isContentVisible\" data-wp-init=\"callbacks.setButtonStyles\" data-wp-on--click=\"actions.showLightbox\" data-wp-on--load=\"callbacks.setButtonStyles\" data-wp-on-window--resize=\"callbacks.setButtonStyles\" data-id=\"224\" src=\"https:\/\/reisen.kriewel.de\/island2012\/files\/2012\/08\/IMAG0703-300x179.jpg\" alt=\"\" class=\"wp-image-224\" srcset=\"https:\/\/reisen.kriewel.de\/island2012\/files\/2012\/08\/IMAG0703-300x179.jpg 300w, https:\/\/reisen.kriewel.de\/island2012\/files\/2012\/08\/IMAG0703-1024x613.jpg 1024w, https:\/\/reisen.kriewel.de\/island2012\/files\/2012\/08\/IMAG0703-500x300.jpg 500w\" sizes=\"auto, (max-width: 300px) 100vw, 300px\" \/><button\n\t\t\tclass=\"lightbox-trigger\"\n\t\t\ttype=\"button\"\n\t\t\taria-haspopup=\"dialog\"\n\t\t\taria-label=\"Vergr\u00f6\u00dfern\"\n\t\t\tdata-wp-init=\"callbacks.initTriggerButton\"\n\t\t\tdata-wp-on--click=\"actions.showLightbox\"\n\t\t\tdata-wp-style--right=\"state.imageButtonRight\"\n\t\t\tdata-wp-style--top=\"state.imageButtonTop\"\n\t\t>\n\t\t\t<svg xmlns=\"http:\/\/www.w3.org\/2000\/svg\" width=\"12\" height=\"12\" fill=\"none\" viewBox=\"0 0 12 12\">\n\t\t\t\t<path fill=\"#fff\" d=\"M2 0a2 2 0 0 0-2 2v2h1.5V2a.5.5 0 0 1 .5-.5h2V0H2Zm2 10.5H2a.5.5 0 0 1-.5-.5V8H0v2a2 2 0 0 0 2 2h2v-1.5ZM8 12v-1.5h2a.5.5 0 0 0 .5-.5V8H12v2a2 2 0 0 1-2 2H8Zm2-12a2 2 0 0 1 2 2v2h-1.5V2a.5.5 0 0 0-.5-.5H8V0h2Z\" \/>\n\t\t\t<\/svg>\n\t\t<\/button><\/figure>\n\n\n\n<figure data-wp-context=\"{&quot;imageId&quot;:&quot;69f3721789669&quot;}\" data-wp-interactive=\"core\/image\" data-wp-key=\"69f3721789669\" class=\"wp-block-image size-medium wp-lightbox-container\"><img loading=\"lazy\" decoding=\"async\" width=\"300\" height=\"179\" data-wp-class--hide=\"state.isContentHidden\" data-wp-class--show=\"state.isContentVisible\" data-wp-init=\"callbacks.setButtonStyles\" data-wp-on--click=\"actions.showLightbox\" data-wp-on--load=\"callbacks.setButtonStyles\" data-wp-on-window--resize=\"callbacks.setButtonStyles\" data-id=\"223\" src=\"https:\/\/reisen.kriewel.de\/island2012\/files\/2012\/08\/IMAG0702-300x179.jpg\" alt=\"\" class=\"wp-image-223\" srcset=\"https:\/\/reisen.kriewel.de\/island2012\/files\/2012\/08\/IMAG0702-300x179.jpg 300w, https:\/\/reisen.kriewel.de\/island2012\/files\/2012\/08\/IMAG0702-1024x613.jpg 1024w, https:\/\/reisen.kriewel.de\/island2012\/files\/2012\/08\/IMAG0702-500x300.jpg 500w\" sizes=\"auto, (max-width: 300px) 100vw, 300px\" \/><button\n\t\t\tclass=\"lightbox-trigger\"\n\t\t\ttype=\"button\"\n\t\t\taria-haspopup=\"dialog\"\n\t\t\taria-label=\"Vergr\u00f6\u00dfern\"\n\t\t\tdata-wp-init=\"callbacks.initTriggerButton\"\n\t\t\tdata-wp-on--click=\"actions.showLightbox\"\n\t\t\tdata-wp-style--right=\"state.imageButtonRight\"\n\t\t\tdata-wp-style--top=\"state.imageButtonTop\"\n\t\t>\n\t\t\t<svg xmlns=\"http:\/\/www.w3.org\/2000\/svg\" width=\"12\" height=\"12\" fill=\"none\" viewBox=\"0 0 12 12\">\n\t\t\t\t<path fill=\"#fff\" d=\"M2 0a2 2 0 0 0-2 2v2h1.5V2a.5.5 0 0 1 .5-.5h2V0H2Zm2 10.5H2a.5.5 0 0 1-.5-.5V8H0v2a2 2 0 0 0 2 2h2v-1.5ZM8 12v-1.5h2a.5.5 0 0 0 .5-.5V8H12v2a2 2 0 0 1-2 2H8Zm2-12a2 2 0 0 1 2 2v2h-1.5V2a.5.5 0 0 0-.5-.5H8V0h2Z\" \/>\n\t\t\t<\/svg>\n\t\t<\/button><\/figure>\n\n\n\n<figure data-wp-context=\"{&quot;imageId&quot;:&quot;69f3721789a7c&quot;}\" data-wp-interactive=\"core\/image\" data-wp-key=\"69f3721789a7c\" class=\"wp-block-image size-medium wp-lightbox-container\"><img loading=\"lazy\" decoding=\"async\" width=\"300\" height=\"179\" data-wp-class--hide=\"state.isContentHidden\" data-wp-class--show=\"state.isContentVisible\" data-wp-init=\"callbacks.setButtonStyles\" data-wp-on--click=\"actions.showLightbox\" data-wp-on--load=\"callbacks.setButtonStyles\" data-wp-on-window--resize=\"callbacks.setButtonStyles\" data-id=\"222\" src=\"https:\/\/reisen.kriewel.de\/island2012\/files\/2012\/08\/IMAG0698-300x179.jpg\" alt=\"\" class=\"wp-image-222\" srcset=\"https:\/\/reisen.kriewel.de\/island2012\/files\/2012\/08\/IMAG0698-300x179.jpg 300w, https:\/\/reisen.kriewel.de\/island2012\/files\/2012\/08\/IMAG0698-1024x613.jpg 1024w, https:\/\/reisen.kriewel.de\/island2012\/files\/2012\/08\/IMAG0698-500x300.jpg 500w\" sizes=\"auto, (max-width: 300px) 100vw, 300px\" \/><button\n\t\t\tclass=\"lightbox-trigger\"\n\t\t\ttype=\"button\"\n\t\t\taria-haspopup=\"dialog\"\n\t\t\taria-label=\"Vergr\u00f6\u00dfern\"\n\t\t\tdata-wp-init=\"callbacks.initTriggerButton\"\n\t\t\tdata-wp-on--click=\"actions.showLightbox\"\n\t\t\tdata-wp-style--right=\"state.imageButtonRight\"\n\t\t\tdata-wp-style--top=\"state.imageButtonTop\"\n\t\t>\n\t\t\t<svg xmlns=\"http:\/\/www.w3.org\/2000\/svg\" width=\"12\" height=\"12\" fill=\"none\" viewBox=\"0 0 12 12\">\n\t\t\t\t<path fill=\"#fff\" d=\"M2 0a2 2 0 0 0-2 2v2h1.5V2a.5.5 0 0 1 .5-.5h2V0H2Zm2 10.5H2a.5.5 0 0 1-.5-.5V8H0v2a2 2 0 0 0 2 2h2v-1.5ZM8 12v-1.5h2a.5.5 0 0 0 .5-.5V8H12v2a2 2 0 0 1-2 2H8Zm2-12a2 2 0 0 1 2 2v2h-1.5V2a.5.5 0 0 0-.5-.5H8V0h2Z\" \/>\n\t\t\t<\/svg>\n\t\t<\/button><\/figure>\n\n\n\n<figure data-wp-context=\"{&quot;imageId&quot;:&quot;69f3721789e7b&quot;}\" data-wp-interactive=\"core\/image\" data-wp-key=\"69f3721789e7b\" class=\"wp-block-image size-medium wp-lightbox-container\"><img loading=\"lazy\" decoding=\"async\" width=\"300\" height=\"179\" data-wp-class--hide=\"state.isContentHidden\" data-wp-class--show=\"state.isContentVisible\" data-wp-init=\"callbacks.setButtonStyles\" data-wp-on--click=\"actions.showLightbox\" data-wp-on--load=\"callbacks.setButtonStyles\" data-wp-on-window--resize=\"callbacks.setButtonStyles\" data-id=\"221\" src=\"https:\/\/reisen.kriewel.de\/island2012\/files\/2012\/08\/IMAG0695-300x179.jpg\" alt=\"\" class=\"wp-image-221\" srcset=\"https:\/\/reisen.kriewel.de\/island2012\/files\/2012\/08\/IMAG0695-300x179.jpg 300w, https:\/\/reisen.kriewel.de\/island2012\/files\/2012\/08\/IMAG0695-1024x613.jpg 1024w, https:\/\/reisen.kriewel.de\/island2012\/files\/2012\/08\/IMAG0695-500x300.jpg 500w\" sizes=\"auto, (max-width: 300px) 100vw, 300px\" \/><button\n\t\t\tclass=\"lightbox-trigger\"\n\t\t\ttype=\"button\"\n\t\t\taria-haspopup=\"dialog\"\n\t\t\taria-label=\"Vergr\u00f6\u00dfern\"\n\t\t\tdata-wp-init=\"callbacks.initTriggerButton\"\n\t\t\tdata-wp-on--click=\"actions.showLightbox\"\n\t\t\tdata-wp-style--right=\"state.imageButtonRight\"\n\t\t\tdata-wp-style--top=\"state.imageButtonTop\"\n\t\t>\n\t\t\t<svg xmlns=\"http:\/\/www.w3.org\/2000\/svg\" width=\"12\" height=\"12\" fill=\"none\" viewBox=\"0 0 12 12\">\n\t\t\t\t<path fill=\"#fff\" d=\"M2 0a2 2 0 0 0-2 2v2h1.5V2a.5.5 0 0 1 .5-.5h2V0H2Zm2 10.5H2a.5.5 0 0 1-.5-.5V8H0v2a2 2 0 0 0 2 2h2v-1.5ZM8 12v-1.5h2a.5.5 0 0 0 .5-.5V8H12v2a2 2 0 0 1-2 2H8Zm2-12a2 2 0 0 1 2 2v2h-1.5V2a.5.5 0 0 0-.5-.5H8V0h2Z\" \/>\n\t\t\t<\/svg>\n\t\t<\/button><\/figure>\n\n\n\n<figure data-wp-context=\"{&quot;imageId&quot;:&quot;69f372178a24a&quot;}\" data-wp-interactive=\"core\/image\" data-wp-key=\"69f372178a24a\" class=\"wp-block-image size-medium wp-lightbox-container\"><img loading=\"lazy\" decoding=\"async\" width=\"300\" height=\"179\" data-wp-class--hide=\"state.isContentHidden\" data-wp-class--show=\"state.isContentVisible\" data-wp-init=\"callbacks.setButtonStyles\" data-wp-on--click=\"actions.showLightbox\" data-wp-on--load=\"callbacks.setButtonStyles\" data-wp-on-window--resize=\"callbacks.setButtonStyles\" data-id=\"220\" src=\"https:\/\/reisen.kriewel.de\/island2012\/files\/2012\/08\/IMAG0694-300x179.jpg\" alt=\"\" class=\"wp-image-220\" srcset=\"https:\/\/reisen.kriewel.de\/island2012\/files\/2012\/08\/IMAG0694-300x179.jpg 300w, https:\/\/reisen.kriewel.de\/island2012\/files\/2012\/08\/IMAG0694-1024x613.jpg 1024w, https:\/\/reisen.kriewel.de\/island2012\/files\/2012\/08\/IMAG0694-500x300.jpg 500w\" sizes=\"auto, (max-width: 300px) 100vw, 300px\" \/><button\n\t\t\tclass=\"lightbox-trigger\"\n\t\t\ttype=\"button\"\n\t\t\taria-haspopup=\"dialog\"\n\t\t\taria-label=\"Vergr\u00f6\u00dfern\"\n\t\t\tdata-wp-init=\"callbacks.initTriggerButton\"\n\t\t\tdata-wp-on--click=\"actions.showLightbox\"\n\t\t\tdata-wp-style--right=\"state.imageButtonRight\"\n\t\t\tdata-wp-style--top=\"state.imageButtonTop\"\n\t\t>\n\t\t\t<svg xmlns=\"http:\/\/www.w3.org\/2000\/svg\" width=\"12\" height=\"12\" fill=\"none\" viewBox=\"0 0 12 12\">\n\t\t\t\t<path fill=\"#fff\" d=\"M2 0a2 2 0 0 0-2 2v2h1.5V2a.5.5 0 0 1 .5-.5h2V0H2Zm2 10.5H2a.5.5 0 0 1-.5-.5V8H0v2a2 2 0 0 0 2 2h2v-1.5ZM8 12v-1.5h2a.5.5 0 0 0 .5-.5V8H12v2a2 2 0 0 1-2 2H8Zm2-12a2 2 0 0 1 2 2v2h-1.5V2a.5.5 0 0 0-.5-.5H8V0h2Z\" \/>\n\t\t\t<\/svg>\n\t\t<\/button><\/figure>\n<\/figure>\n\n\n\n<p class=\"has-text-align-left\">Gestern ging es nach einer kurzen Nacht (in der wir zumindest schwache Nordlichter beobachtet haben) von unserem Zeltplatz aus \u00fcber den Gullfoss, das Geysirfeld und Thingvellir mit der Allm\u00e4nner-Schlucht weiter zum Endpunkt unserer Reise: Reykjavik. Dort angekommen genossen wir noch einmal die Sonne im Caf\u00e9 Flora bei Kaffee und Kuchen, danach wagten wir uns an eine isl\u00e4ndische Fischsuppe, serviert im ausgeh\u00f6hlten Brotlaib. Unendlich lecker! Danach hie\u00df es den Rucksack und das Gep\u00e4ck fahrtauglich zu trimmen. Schnell verschwanden wir nach einem Gl\u00e4schen Grog in unseren Schlafs\u00e4cken und nun hei\u00dft es gleich nach einem kurzen Fr\u00fchst\u00fcck endg\u00fcltig Abschied nehmen von Island.<\/p>\n","protected":false},"excerpt":{"rendered":"<p>Gestern ging es nach einer kurzen Nacht (in der wir zumindest schwache Nordlichter beobachtet haben) von unserem Zeltplatz aus \u00fcber den Gullfoss, das Geysirfeld und Thingvellir mit der Allm\u00e4nner-Schlucht weiter zum Endpunkt unserer Reise: Reykjavik. Dort angekommen genossen wir noch<\/p>\n","protected":false},"author":1,"featured_media":0,"comment_status":"open","ping_status":"open","sticky":false,"template":"","format":"standard","meta":{"ngg_post_thumbnail":0,"footnotes":""},"categories":[1],"tags":[],"class_list":["post-219","post","type-post","status-publish","format-standard","hentry","category-allgemein"],"_links":{"self":[{"href":"https:\/\/reisen.kriewel.de\/island2012\/wp-json\/wp\/v2\/posts\/219","targetHints":{"allow":["GET"]}}],"collection":[{"href":"https:\/\/reisen.kriewel.de\/island2012\/wp-json\/wp\/v2\/posts"}],"about":[{"href":"https:\/\/reisen.kriewel.de\/island2012\/wp-json\/wp\/v2\/types\/post"}],"author":[{"embeddable":true,"href":"https:\/\/reisen.kriewel.de\/island2012\/wp-json\/wp\/v2\/users\/1"}],"replies":[{"embeddable":true,"href":"https:\/\/reisen.kriewel.de\/island2012\/wp-json\/wp\/v2\/comments?post=219"}],"version-history":[{"count":6,"href":"https:\/\/reisen.kriewel.de\/island2012\/wp-json\/wp\/v2\/posts\/219\/revisions"}],"predecessor-version":[{"id":319,"href":"https:\/\/reisen.kriewel.de\/island2012\/wp-json\/wp\/v2\/posts\/219\/revisions\/319"}],"wp:attachment":[{"href":"https:\/\/reisen.kriewel.de\/island2012\/wp-json\/wp\/v2\/media?parent=219"}],"wp:term":[{"taxonomy":"category","embeddable":true,"href":"https:\/\/reisen.kriewel.de\/island2012\/wp-json\/wp\/v2\/categories?post=219"},{"taxonomy":"post_tag","embeddable":true,"href":"https:\/\/reisen.kriewel.de\/island2012\/wp-json\/wp\/v2\/tags?post=219"}],"curies":[{"name":"wp","href":"https:\/\/api.w.org\/{rel}","templated":true}]}}