{"id":190,"date":"2012-08-13T08:33:00","date_gmt":"2012-08-13T06:33:00","guid":{"rendered":"https:\/\/reisen.kriewel.de\/island2012\/?p=190"},"modified":"2013-06-22T09:34:59","modified_gmt":"2013-06-22T07:34:59","slug":"eislagunen-und-gletscher","status":"publish","type":"post","link":"https:\/\/reisen.kriewel.de\/island2012\/2012\/08\/13\/eislagunen-und-gletscher\/","title":{"rendered":"Eislagunen und Gletscher"},"content":{"rendered":"<div class=\"alignleft\" id=\"attachment_191\" style=\"width: 300px;\"><a class=\"fancybox\" href=\"https:\/\/reisen.kriewel.de\/island2012\/files\/2012\/08\/IMAG0630.jpg\"><img loading=\"lazy\" decoding=\"async\" class=\" wp-image-191\" alt=\"IMAG0630\" src=\"https:\/\/reisen.kriewel.de\/island2012\/files\/2012\/08\/IMAG0630-300x179.jpg\" width=\"300\" height=\"179\" srcset=\"https:\/\/reisen.kriewel.de\/island2012\/files\/2012\/08\/IMAG0630-300x179.jpg 300w, https:\/\/reisen.kriewel.de\/island2012\/files\/2012\/08\/IMAG0630-1024x613.jpg 1024w, https:\/\/reisen.kriewel.de\/island2012\/files\/2012\/08\/IMAG0630-500x300.jpg 500w\" sizes=\"auto, (max-width: 300px) 100vw, 300px\" \/> <\/a><\/div>\n<div class=\"alignleft\" id=\"attachment_192\" style=\"width: 300px;\"><a class=\"fancybox\" href=\"https:\/\/reisen.kriewel.de\/island2012\/files\/2012\/08\/IMAG0636.jpg\"><img loading=\"lazy\" decoding=\"async\" class=\" wp-image-192\" alt=\"IMAG0636\" src=\"https:\/\/reisen.kriewel.de\/island2012\/files\/2012\/08\/IMAG0636-300x179.jpg\" width=\"300\" height=\"179\" srcset=\"https:\/\/reisen.kriewel.de\/island2012\/files\/2012\/08\/IMAG0636-300x179.jpg 300w, https:\/\/reisen.kriewel.de\/island2012\/files\/2012\/08\/IMAG0636-1024x613.jpg 1024w, https:\/\/reisen.kriewel.de\/island2012\/files\/2012\/08\/IMAG0636-500x300.jpg 500w\" sizes=\"auto, (max-width: 300px) 100vw, 300px\" \/> <\/a><\/div>\n<div class=\"alignleft\" id=\"attachment_193\" style=\"width: 300px;\"><a class=\"fancybox\" href=\"https:\/\/reisen.kriewel.de\/island2012\/files\/2012\/08\/IMAG0638.jpg\"><img loading=\"lazy\" decoding=\"async\" class=\" wp-image-193\" alt=\"IMAG0638\" src=\"https:\/\/reisen.kriewel.de\/island2012\/files\/2012\/08\/IMAG0638-300x179.jpg\" width=\"300\" height=\"179\" srcset=\"https:\/\/reisen.kriewel.de\/island2012\/files\/2012\/08\/IMAG0638-300x179.jpg 300w, https:\/\/reisen.kriewel.de\/island2012\/files\/2012\/08\/IMAG0638-1024x613.jpg 1024w, https:\/\/reisen.kriewel.de\/island2012\/files\/2012\/08\/IMAG0638-500x300.jpg 500w\" sizes=\"auto, (max-width: 300px) 100vw, 300px\" \/> <\/a><\/div>\n<div class=\"alignleft\" id=\"attachment_194\" style=\"width: 300px;\"><a class=\"fancybox\" href=\"https:\/\/reisen.kriewel.de\/island2012\/files\/2012\/08\/IMAG0642.jpg\"><img loading=\"lazy\" decoding=\"async\" class=\" wp-image-194\" alt=\"IMAG0642\" src=\"https:\/\/reisen.kriewel.de\/island2012\/files\/2012\/08\/IMAG0642-300x179.jpg\" width=\"300\" height=\"179\" srcset=\"https:\/\/reisen.kriewel.de\/island2012\/files\/2012\/08\/IMAG0642-300x179.jpg 300w, https:\/\/reisen.kriewel.de\/island2012\/files\/2012\/08\/IMAG0642-1024x613.jpg 1024w, https:\/\/reisen.kriewel.de\/island2012\/files\/2012\/08\/IMAG0642-500x300.jpg 500w\" sizes=\"auto, (max-width: 300px) 100vw, 300px\" \/> <\/a><\/div>\n<p>Heute ging es also weiter Richtung S\u00fcden. Zum ersten mal eine Fahrt im Nebel bzw. in den Wolken. Dies machte die Fahrt \u00fcber die \u00d6xi, einer unbefestigten Stra\u00dfe mit 17% Gef\u00e4lle, besonders spannend, aber Steinar unser isl\u00e4ndischer Busfahrer hat uns sicher gefahren. In dem netten K\u00fcstenort Djupivogur haben wir Pause gemacht,leider konnte man aufgrund der Witterungsbedingungen nicht so viel sehen, aber der Kaffee war gut. Weiter ging unsere Fahrt entlang eines Fjordes mit einigen Fotostops bis wir schlie\u00dflich die Attraktion erreichten: Die Gletscherlagune J\u00f6kuls\u00e1rl\u00f3n. Hier verzog sich der Nebel und wir konnten im besten Licht die Eisberge betrachten. Ein grandiose Anblick in allen Wei\u00df-, Grau- und Blaut\u00f6nen, dazu bizarre Formen. Auch eine kleinere zweite Lagune, die wir nach einem Tipp unseres Busfahrers anfuhren, bot einen tolles Anblick. Gegen Abend erreichten wir dann unseren Platz f\u00fcr die n\u00e4chsten drei N\u00e4chte, im Skaftafell Nationalpark.<\/p>\n","protected":false},"excerpt":{"rendered":"<p>Heute ging es also weiter Richtung S\u00fcden. Zum ersten mal eine Fahrt im Nebel bzw. in den Wolken. Dies machte die Fahrt \u00fcber die \u00d6xi, einer unbefestigten Stra\u00dfe mit 17% Gef\u00e4lle, besonders spannend, aber Steinar unser isl\u00e4ndischer Busfahrer hat uns<\/p>\n","protected":false},"author":1,"featured_media":0,"comment_status":"open","ping_status":"open","sticky":false,"template":"","format":"standard","meta":{"ngg_post_thumbnail":0,"footnotes":""},"categories":[1],"tags":[],"class_list":["post-190","post","type-post","status-publish","format-standard","hentry","category-allgemein"],"_links":{"self":[{"href":"https:\/\/reisen.kriewel.de\/island2012\/wp-json\/wp\/v2\/posts\/190","targetHints":{"allow":["GET"]}}],"collection":[{"href":"https:\/\/reisen.kriewel.de\/island2012\/wp-json\/wp\/v2\/posts"}],"about":[{"href":"https:\/\/reisen.kriewel.de\/island2012\/wp-json\/wp\/v2\/types\/post"}],"author":[{"embeddable":true,"href":"https:\/\/reisen.kriewel.de\/island2012\/wp-json\/wp\/v2\/users\/1"}],"replies":[{"embeddable":true,"href":"https:\/\/reisen.kriewel.de\/island2012\/wp-json\/wp\/v2\/comments?post=190"}],"version-history":[{"count":1,"href":"https:\/\/reisen.kriewel.de\/island2012\/wp-json\/wp\/v2\/posts\/190\/revisions"}],"predecessor-version":[{"id":249,"href":"https:\/\/reisen.kriewel.de\/island2012\/wp-json\/wp\/v2\/posts\/190\/revisions\/249"}],"wp:attachment":[{"href":"https:\/\/reisen.kriewel.de\/island2012\/wp-json\/wp\/v2\/media?parent=190"}],"wp:term":[{"taxonomy":"category","embeddable":true,"href":"https:\/\/reisen.kriewel.de\/island2012\/wp-json\/wp\/v2\/categories?post=190"},{"taxonomy":"post_tag","embeddable":true,"href":"https:\/\/reisen.kriewel.de\/island2012\/wp-json\/wp\/v2\/tags?post=190"}],"curies":[{"name":"wp","href":"https:\/\/api.w.org\/{rel}","templated":true}]}}