{"id":185,"date":"2012-08-12T07:39:47","date_gmt":"2012-08-12T05:39:47","guid":{"rendered":"https:\/\/reisen.kriewel.de\/island2012\/?p=185"},"modified":"2013-06-22T09:36:44","modified_gmt":"2013-06-22T07:36:44","slug":"summertime","status":"publish","type":"post","link":"https:\/\/reisen.kriewel.de\/island2012\/2012\/08\/12\/summertime\/","title":{"rendered":"Summertime"},"content":{"rendered":"<div class=\"alignleft\" id=\"attachment_186\" style=\"width: 300px;\"><a class=\"fancybox\" href=\"https:\/\/reisen.kriewel.de\/island2012\/files\/2012\/08\/IMAG0620.jpg\"><img loading=\"lazy\" decoding=\"async\" class=\" wp-image-186\" alt=\"IMAG0620\" src=\"https:\/\/reisen.kriewel.de\/island2012\/files\/2012\/08\/IMAG0620-300x179.jpg\" width=\"300\" height=\"179\" srcset=\"https:\/\/reisen.kriewel.de\/island2012\/files\/2012\/08\/IMAG0620-300x179.jpg 300w, https:\/\/reisen.kriewel.de\/island2012\/files\/2012\/08\/IMAG0620-1024x613.jpg 1024w, https:\/\/reisen.kriewel.de\/island2012\/files\/2012\/08\/IMAG0620-500x300.jpg 500w\" sizes=\"auto, (max-width: 300px) 100vw, 300px\" \/> <\/a><\/div>\n<div class=\"alignleft\" id=\"attachment_187\" style=\"width: 300px;\"><a class=\"fancybox\" href=\"https:\/\/reisen.kriewel.de\/island2012\/files\/2012\/08\/IMAG0621.jpg\"><img loading=\"lazy\" decoding=\"async\" class=\" wp-image-187\" alt=\"IMAG0621\" src=\"https:\/\/reisen.kriewel.de\/island2012\/files\/2012\/08\/IMAG0621-300x179.jpg\" width=\"300\" height=\"179\" srcset=\"https:\/\/reisen.kriewel.de\/island2012\/files\/2012\/08\/IMAG0621-300x179.jpg 300w, https:\/\/reisen.kriewel.de\/island2012\/files\/2012\/08\/IMAG0621-1024x613.jpg 1024w, https:\/\/reisen.kriewel.de\/island2012\/files\/2012\/08\/IMAG0621-500x300.jpg 500w\" sizes=\"auto, (max-width: 300px) 100vw, 300px\" \/> <\/a><\/div>\n<div class=\"alignleft\" id=\"attachment_188\" style=\"width: 300px;\"><a class=\"fancybox\" href=\"https:\/\/reisen.kriewel.de\/island2012\/files\/2012\/08\/IMAG0624.jpg\"><img loading=\"lazy\" decoding=\"async\" class=\" wp-image-188\" alt=\"IMAG0624\" src=\"https:\/\/reisen.kriewel.de\/island2012\/files\/2012\/08\/IMAG0624-300x179.jpg\" width=\"300\" height=\"179\" srcset=\"https:\/\/reisen.kriewel.de\/island2012\/files\/2012\/08\/IMAG0624-300x179.jpg 300w, https:\/\/reisen.kriewel.de\/island2012\/files\/2012\/08\/IMAG0624-1024x613.jpg 1024w, https:\/\/reisen.kriewel.de\/island2012\/files\/2012\/08\/IMAG0624-500x300.jpg 500w\" sizes=\"auto, (max-width: 300px) 100vw, 300px\" \/> <\/a><\/div>\n<p>Auch wenn es sich unglaublich anh\u00f6rt, das gute Wetter h\u00e4lt an und wir waren am heutigen Nachmittag bei 26 Grad im Freibad von Egilstadir. Diesmal war nicht nur kochen im Hot-Pot angesagt sondern wir haben mit unserer Gruppe auch die Wasserrutsche unsicher gemacht. Das alles mit Blick auf die herrliche isl\u00e4ndische Natur. Nat\u00fcrlich waren wir auch am Vormittag nicht unt\u00e4tig. Nach einer kurzen Busfahrt haben wir eine Wanderung \u00fcber Stock und Stein zu drei Wasserf\u00e4llen gemacht. Darunter auch der Detifoss, dem gr\u00f6\u00dften Wasserfall Europas. Mittagspause haben wir in einem kleinen Oasenort inmitten der Aschew\u00fcste des Hochlandes gemacht. In diesem winzigen Ort gab es eine ganz niedliche Kirche. Die Attraktion war jedoch ein junger Polarfuchs, der sich bereitwillig fotografieren lie\u00df. Nun sind wir auf unserem Zeltplatz in Fellab\u00e6r vom unsere Reise Morgen Richtung S\u00fcdk\u00fcste weiter geht.<\/p>\n","protected":false},"excerpt":{"rendered":"<p>Auch wenn es sich unglaublich anh\u00f6rt, das gute Wetter h\u00e4lt an und wir waren am heutigen Nachmittag bei 26 Grad im Freibad von Egilstadir. Diesmal war nicht nur kochen im Hot-Pot angesagt sondern wir haben mit unserer Gruppe auch die<\/p>\n","protected":false},"author":1,"featured_media":0,"comment_status":"open","ping_status":"open","sticky":false,"template":"","format":"standard","meta":{"ngg_post_thumbnail":0,"footnotes":""},"categories":[1],"tags":[],"class_list":["post-185","post","type-post","status-publish","format-standard","hentry","category-allgemein"],"_links":{"self":[{"href":"https:\/\/reisen.kriewel.de\/island2012\/wp-json\/wp\/v2\/posts\/185","targetHints":{"allow":["GET"]}}],"collection":[{"href":"https:\/\/reisen.kriewel.de\/island2012\/wp-json\/wp\/v2\/posts"}],"about":[{"href":"https:\/\/reisen.kriewel.de\/island2012\/wp-json\/wp\/v2\/types\/post"}],"author":[{"embeddable":true,"href":"https:\/\/reisen.kriewel.de\/island2012\/wp-json\/wp\/v2\/users\/1"}],"replies":[{"embeddable":true,"href":"https:\/\/reisen.kriewel.de\/island2012\/wp-json\/wp\/v2\/comments?post=185"}],"version-history":[{"count":1,"href":"https:\/\/reisen.kriewel.de\/island2012\/wp-json\/wp\/v2\/posts\/185\/revisions"}],"predecessor-version":[{"id":250,"href":"https:\/\/reisen.kriewel.de\/island2012\/wp-json\/wp\/v2\/posts\/185\/revisions\/250"}],"wp:attachment":[{"href":"https:\/\/reisen.kriewel.de\/island2012\/wp-json\/wp\/v2\/media?parent=185"}],"wp:term":[{"taxonomy":"category","embeddable":true,"href":"https:\/\/reisen.kriewel.de\/island2012\/wp-json\/wp\/v2\/categories?post=185"},{"taxonomy":"post_tag","embeddable":true,"href":"https:\/\/reisen.kriewel.de\/island2012\/wp-json\/wp\/v2\/tags?post=185"}],"curies":[{"name":"wp","href":"https:\/\/api.w.org\/{rel}","templated":true}]}}